[{"@context":"https:\/\/schema.org\/","@type":"Article","@id":"https:\/\/www.tic-ckd.cz\/vyberte-si-jakou-folii-chcete\/#Article","mainEntityOfPage":"https:\/\/www.tic-ckd.cz\/vyberte-si-jakou-folii-chcete\/","headline":"Vyberte si, jakou f\u00f3lii chcete","name":"Vyberte si, jakou f\u00f3lii chcete","description":"Jestli\u017ee nem\u00e1te konkr\u00e9tn\u00ed p\u0159edstavu, jak by Va\u0161e zatmaven\u00ed auto skel Brno m\u011blo vypadat, m\u016f\u017eete se pod\u00edvat na na\u0161e internetov\u00e9 str\u00e1nky, kde uvid\u00edme mnoho vozidel, na kter\u00e1 jsme tyto f\u00f3lie instalovali. V\u011b\u0159\u00edme, \u017ee se V\u00e1m n\u011bkter\u00e1 barva zal\u00edb\u00ed a vyu\u017eijete na\u0161ich jedine\u010dn\u00fdch slu\u017eeb. Jestli\u017ee m\u00e1te vybr\u00e1no, sta\u010d\u00ed n\u00e1s kontaktovat a my si s V\u00e1mi v co ... <a title=\"Vyberte si, jakou f\u00f3lii chcete\" class=\"read-more\" href=\"https:\/\/www.tic-ckd.cz\/vyberte-si-jakou-folii-chcete\/\">Read more<span class=\"screen-reader-text\">Vyberte si, jakou f\u00f3lii chcete<\/span><\/a>","datePublished":"2023-09-08","dateModified":"2023-09-08","author":{"@type":"Person","@id":"https:\/\/www.tic-ckd.cz\/author\/#Person","name":"","url":"https:\/\/www.tic-ckd.cz\/author\/","identifier":1,"image":{"@type":"ImageObject","@id":"https:\/\/secure.gravatar.com\/avatar\/c36ac855b1ee9cce96e09824fb5426d6eaccd04233fbf51e04e067ccd1b5fe13?s=96&d=mm&r=g","url":"https:\/\/secure.gravatar.com\/avatar\/c36ac855b1ee9cce96e09824fb5426d6eaccd04233fbf51e04e067ccd1b5fe13?s=96&d=mm&r=g","height":96,"width":96}},"publisher":{"@type":"Organization","name":"tic-ckd.cz","logo":{"@type":"ImageObject","@id":"\/logo.png","url":"\/logo.png","width":600,"height":60}},"url":"https:\/\/www.tic-ckd.cz\/vyberte-si-jakou-folii-chcete\/","wordCount":260,"articleBody":"Jestli\u017ee nem\u00e1te konkr\u00e9tn\u00ed p\u0159edstavu, jak by Va\u0161e zatmaven\u00ed auto skel Brno m\u011blo vypadat, m\u016f\u017eete se pod\u00edvat na na\u0161e internetov\u00e9 str\u00e1nky, kde uvid\u00edme mnoho vozidel, na kter\u00e1 jsme tyto f\u00f3lie instalovali. V\u011b\u0159\u00edme, \u017ee se V\u00e1m n\u011bkter\u00e1 barva zal\u00edb\u00ed a vyu\u017eijete na\u0161ich jedine\u010dn\u00fdch slu\u017eeb. Jestli\u017ee m\u00e1te vybr\u00e1no, sta\u010d\u00ed n\u00e1s kontaktovat a my si s V\u00e1mi v co nejbli\u017e\u0161\u00ed dob\u011b sjedn\u00e1me sch\u016fzku, na kterou rovnou m\u016f\u017eete p\u0159ijet s Va\u0161\u00edm vozidlem a nechat n\u00e1s pracovat. Instalace f\u00f3lie, kter\u00e1 bude m\u00edt barvu, jakou jste si zvolili, by nem\u011bla trvat v\u00edce jak 2 hodiny, a pokud nev\u00edte tyto 2 hodiny d\u011blat, m\u016f\u017eete po\u010dkat v pohodl\u00ed na\u0161\u00ed p\u0159ij\u00edmac\u00ed kancel\u00e1\u0159e. P\u0159esv\u011bd\u010dte se o na\u0161ich jedine\u010dn\u00fdch slu\u017eb\u00e1ch na vlastn\u00ed k\u016f\u017ei a nav\u0161tivte n\u00e1s. Jestli\u017ee poch\u00e1z\u00edte z okol\u00ed na\u0161eho druh\u00e9ho nejv\u011bt\u0161\u00edho m\u011bsta a chcete, aby Va\u0161e vozidlo vypadalo dokonale, tak nev\u00edme, na co je\u0161t\u011b \u010dek\u00e1te.Ceny, kter\u00e9 jinde nese\u017eeneteNa\u0161e spole\u010dnost V\u00e1m nab\u00eddne velice n\u00edzk\u00e9 ceny, kter\u00e9 V\u00e1s dostanou do kolen. Jestli\u017ee chcete i Vy vyu\u017e\u00edt zatmaven\u00ed auto skel Brno, v\u011b\u0159te, \u017ee my jsme ta nejlep\u0161\u00ed volba, na kterou se m\u016f\u017eete obr\u00e1tit. Nev\u00e1hejte a nav\u0161tivte n\u00e1s je\u0161t\u011b dnes!                                                                                                                                                                                                                                                                                                                                                                                        4.4\/5 - (15 votes)        "},{"@context":"https:\/\/schema.org\/","@type":"BreadcrumbList","itemListElement":[{"@type":"ListItem","position":1,"name":"Vyberte si, jakou f\u00f3lii chcete","item":"https:\/\/www.tic-ckd.cz\/vyberte-si-jakou-folii-chcete\/#breadcrumbitem"}]}]