[{"@context":"https:\/\/schema.org\/","@type":"Article","@id":"https:\/\/www.tic-ckd.cz\/krasa-co-je-to-krasa\/#Article","mainEntityOfPage":"https:\/\/www.tic-ckd.cz\/krasa-co-je-to-krasa\/","headline":"Kr\u00e1sa, co je to kr\u00e1sa?","name":"Kr\u00e1sa, co je to kr\u00e1sa?","description":"Kr\u00e1sa, co je to kr\u00e1sa? Asi jinak vn\u00edm\u00e1me kr\u00e1su v patn\u00e1cti, jinak v p\u011btadvaceti a jinak t\u0159eba v pades\u00e1ti letech. Kr\u00e1su pot\u0159ebujeme k \u017eivotu. Je to n\u011bco, co povzn\u00e1\u0161\u00ed na\u0161i mysl. Ka\u017ed\u00fd \u010dlov\u011bk m\u00e1 naprosto odli\u0161n\u00fd vkus. Jsou lid\u00e9, kte\u0159\u00ed pot\u0159ebuj\u00ed m\u00edt vy\u0161perkovan\u00fd ka\u017ed\u00fd kout v byt\u011b a jsou lid\u00e9, kte\u0159\u00ed miluj\u00ed minimalismus. Kvalitn\u00ed vybaven\u00ed ... <a title=\"Kr\u00e1sa, co je to kr\u00e1sa?\" class=\"read-more\" href=\"https:\/\/www.tic-ckd.cz\/krasa-co-je-to-krasa\/\">Read more<span class=\"screen-reader-text\">Kr\u00e1sa, co je to kr\u00e1sa?<\/span><\/a>","datePublished":"2017-12-15","dateModified":"2023-05-22","author":{"@type":"Person","@id":"https:\/\/www.tic-ckd.cz\/author\/#Person","name":"","url":"https:\/\/www.tic-ckd.cz\/author\/","identifier":1,"image":{"@type":"ImageObject","@id":"https:\/\/secure.gravatar.com\/avatar\/c36ac855b1ee9cce96e09824fb5426d6eaccd04233fbf51e04e067ccd1b5fe13?s=96&d=mm&r=g","url":"https:\/\/secure.gravatar.com\/avatar\/c36ac855b1ee9cce96e09824fb5426d6eaccd04233fbf51e04e067ccd1b5fe13?s=96&d=mm&r=g","height":96,"width":96}},"publisher":{"@type":"Organization","name":"tic-ckd.cz","logo":{"@type":"ImageObject","@id":"\/logo.png","url":"\/logo.png","width":600,"height":60}},"image":{"@type":"ImageObject","@id":"https:\/\/www.tic-ckd.cz\/wp-content\/uploads\/img_a307445_w1733_t1518712226.jpg","url":"https:\/\/www.tic-ckd.cz\/wp-content\/uploads\/img_a307445_w1733_t1518712226.jpg","height":0,"width":0},"url":"https:\/\/www.tic-ckd.cz\/krasa-co-je-to-krasa\/","about":["Produkty"],"wordCount":474,"articleBody":"\tKr\u00e1sa, co je to kr\u00e1sa? Asi jinak vn\u00edm\u00e1me kr\u00e1su v patn\u00e1cti, jinak v p\u011btadvaceti a jinak t\u0159eba v pades\u00e1ti letech. Kr\u00e1su pot\u0159ebujeme k \u017eivotu. Je to n\u011bco, co povzn\u00e1\u0161\u00ed na\u0161i mysl. Ka\u017ed\u00fd \u010dlov\u011bk m\u00e1 naprosto odli\u0161n\u00fd vkus. Jsou lid\u00e9, kte\u0159\u00ed pot\u0159ebuj\u00ed m\u00edt vy\u0161perkovan\u00fd ka\u017ed\u00fd kout v byt\u011b a jsou lid\u00e9, kte\u0159\u00ed miluj\u00ed minimalismus. Kvalitn\u00ed vybaven\u00ed a naprost\u00fd minimum dekorac\u00ed. Minimalismus je dokonce um\u011bleck\u00fd sm\u011br a \u017eivotn\u00ed styl. Mimo jin\u00e9 je hodn\u011b zam\u011b\u0159en\u00fd na ekologick\u00e9 c\u00edt\u011bn\u00ed.\tA co lidsk\u00e1 kr\u00e1sa. Je d\u016fle\u017eit\u00e9 b\u00fdt kr\u00e1sn\u00fd? A kdo je kr\u00e1sn\u00fd? Je kr\u00e1sn\u00fd ten, ke komu byla p\u0159\u00edroda \u0161t\u011bdr\u00e1, nebo ten, kdo o sebe db\u00e1? Ka\u017ed\u00fd \u010dlov\u011bk m\u016f\u017ee b\u00fdt kr\u00e1sn\u00fd, v tom se shodne snad ka\u017ed\u00fd stylista. Ale v ur\u010dit\u00e9m v\u011bku to rozhodn\u011b nen\u00ed zadarmo.\t&nbsp;\t\u010c\u00edm jsme star\u0161\u00ed, t\u00edm v\u00edce o sv\u016fj vzhled mus\u00edme pe\u010dovatNap\u0159\u00edklad \u010d\u00edm je \u010dlov\u011bk star\u0161\u00ed, t\u00edm v\u00edce o sebe mus\u00ed db\u00e1t a t\u00edm del\u0161\u00ed pozornost mus\u00ed v\u011bnovat sv\u00e9mu zevn\u011bj\u0161ku. U star\u0161\u00edch lid\u00ed je toti\u017e hodn\u011b zn\u00e1t, jak jde p\u0159\u00edroda proti nim. Vr\u00e1sky ve tv\u00e1\u0159i, \u0161ediv\u00e9 vlasy. Je t\u0159eba o sebe pe\u010dovat. Na\u0161t\u011bst\u00ed v sou\u010dasn\u00e9 dob\u011b je tolik mo\u017enost\u00ed, \u017ee kr\u00e1sa se udr\u017euje mnohem sn\u00e1ze.Nem\u00e1me te\u010f na mysli jen plastick\u00e9 operace, kter\u00fdm se mnoz\u00ed rozhodn\u011b nebr\u00e1n\u00ed, n\u011bkte\u0159\u00ed tomuto poku\u0161en\u00ed velmi snadno odol\u00e1vaj\u00ed a to z jednoho prozaick\u00e9ho d\u016fvodu, jedn\u00e1 se v podstat\u011b o operaci jako jakoukoli jinou a ne ka\u017ed\u00fd do sebe prost\u011b nech\u00e1 \u0159\u00edznout. Ani kr\u00e1sa mu za to nestoj\u00ed. N\u011bkte\u0159\u00ed se toho neboj\u00ed. Hlavn\u011b, \u017ee v\u00fdsledek bude st\u00e1t za to. O plastick\u00e9 operace maj\u00ed z\u00e1jem jak mu\u017ei, tak \u017eeny.Pro ty, kte\u0159\u00ed se operac\u00ed boj\u00ed, je tady cel\u00e1 \u0159ada neinvazivn\u00edch alternativ. Ur\u010dit\u011b je na m\u00edst\u011b se s nimi v\u010das sezn\u00e1mit. Ur\u010dit\u011b je na m\u00edst\u011b zv\u00e1\u017eit, co je nutn\u00e9 a co nikoli. Kr\u00e1sa je toti\u017e je\u0161t\u011b jedna. Ta vnit\u0159n\u00ed. Nen\u00ed a\u017e tak zjevn\u00e1, ale zra\u010d\u00ed se ve tv\u00e1\u0159i. V lidsk\u00fdch o\u010d\u00edch, v \u00fasm\u011bvu. Ur\u010dit\u011b si mnoz\u00ed vybav\u00edte lidi, kte\u0159\u00ed nejsou p\u0159\u00edmo kr\u00e1sn\u00ed a nev\u011bnuj\u00ed a\u017e p\u0159em\u00edru p\u00e9\u010de sv\u00e9mu zevn\u011bj\u0161ku, ale p\u0159esto se V\u00e1m jevili kr\u00e1sn\u00ed. Vyza\u0159ovala z nich toti\u017e vnit\u0159n\u00ed kr\u00e1sa. Proto bychom m\u011bli usilovat tak\u00e9 o tuto formu kr\u00e1sy. Je to ur\u010dit\u011b velmi d\u016fle\u017eit\u00e9.                                                                                                                                                                                                                                                                                                                                                                                        4.6\/5 - (11 votes)        "},{"@context":"https:\/\/schema.org\/","@type":"BreadcrumbList","itemListElement":[{"@type":"ListItem","position":1,"name":"Kr\u00e1sa, co je to kr\u00e1sa?","item":"https:\/\/www.tic-ckd.cz\/krasa-co-je-to-krasa\/#breadcrumbitem"}]}]